{"id":2103,"date":"2024-02-01T22:33:57","date_gmt":"2024-02-01T22:33:57","guid":{"rendered":"https:\/\/fw-hohenthann.de\/?p=2103"},"modified":"2024-02-01T22:33:59","modified_gmt":"2024-02-01T22:33:59","slug":"14-02-2024-politischer-aschermittwoch-der-freien-waehler-in-deggendorf","status":"publish","type":"post","link":"https:\/\/fw-hohenthann.de\/?p=2103","title":{"rendered":"14.02.2024 Politischer Aschermittwoch der Freien W\u00e4hler in Deggendorf"},"content":{"rendered":"\n<p>Beginn der Veranstaltung in der<strong> Deggendorfer Stadthalle (Edlmairstra\u00dfe 2, 94469 Deggendorf) <\/strong>ist um 10 Uhr.<strong>\u00a0<\/strong> Einlass ab 8 Uhr,\u00a0der Eintritt ist frei.\u00a0<\/p>\n\n\n\n<p class=\"has-text-align-left\"><strong>Moderation: Susann Enders<\/strong>, Generalsekret\u00e4rin FREIE W\u00c4HLER Bayern<br><strong>Begr\u00fc\u00dfungsrede: <\/strong><strong>Ludwig Waas,<\/strong> Bezirksvorsitzender FREIE W\u00c4HLER Niederbayern<br><strong>Rede: Florian Streibl<\/strong>, Vorsitzender FREIE W\u00c4HLER-Landtagsfraktion\u00a0in Bayern<br><strong>Rede: <\/strong><strong>Christine Singer<\/strong>, Spitzenkandidatin FREIE W\u00c4HLER f\u00fcr die Europawahl<br><strong>Rede: <\/strong><strong>Engin Eroglu<\/strong>, Mitglied des Europ\u00e4ischen Parlaments<br><strong>Rede: Hubert Aiwanger<\/strong>, Bundesvorsitzender FREIE W\u00c4HLER, stellv. Bayerischer Ministerpr\u00e4sident<br><br><\/p>\n","protected":false},"excerpt":{"rendered":"<p>Beginn der Veranstaltung in der Deggendorfer Stadthalle (Edlmairstra\u00dfe 2, 94469 Deggendorf) ist um 10 Uhr.\u00a0 Einlass ab 8 Uhr,\u00a0der Eintritt ist frei.\u00a0 Moderation: Susann Enders, Generalsekret\u00e4rin FREIE W\u00c4HLER BayernBegr\u00fc\u00dfungsrede: Ludwig Waas, Bezirksvorsitzender FREIE W\u00c4HLER NiederbayernRede: Florian Streibl, Vorsitzender FREIE W\u00c4HLER-Landtagsfraktion\u00a0in BayernRede: Christine Singer, Spitzenkandidatin FREIE W\u00c4HLER f\u00fcr die EuropawahlRede: Engin Eroglu, Mitglied des Europ\u00e4ischen ParlamentsRede: &hellip; <\/p>\n<p class=\"link-more\"><a href=\"https:\/\/fw-hohenthann.de\/?p=2103\" class=\"more-link\"><span class=\"screen-reader-text\">\u201e14.02.2024 Politischer Aschermittwoch der Freien W\u00e4hler in Deggendorf\u201c <\/span>weiterlesen<\/a><\/p>\n","protected":false},"author":1,"featured_media":0,"comment_status":"open","ping_status":"open","sticky":false,"template":"","format":"standard","meta":{"footnotes":""},"categories":[1],"tags":[68,63],"class_list":["post-2103","post","type-post","status-publish","format-standard","hentry","category-uncategorized","tag-68","tag-aschermittwoch"],"_links":{"self":[{"href":"https:\/\/fw-hohenthann.de\/index.php?rest_route=\/wp\/v2\/posts\/2103","targetHints":{"allow":["GET"]}}],"collection":[{"href":"https:\/\/fw-hohenthann.de\/index.php?rest_route=\/wp\/v2\/posts"}],"about":[{"href":"https:\/\/fw-hohenthann.de\/index.php?rest_route=\/wp\/v2\/types\/post"}],"author":[{"embeddable":true,"href":"https:\/\/fw-hohenthann.de\/index.php?rest_route=\/wp\/v2\/users\/1"}],"replies":[{"embeddable":true,"href":"https:\/\/fw-hohenthann.de\/index.php?rest_route=%2Fwp%2Fv2%2Fcomments&post=2103"}],"version-history":[{"count":1,"href":"https:\/\/fw-hohenthann.de\/index.php?rest_route=\/wp\/v2\/posts\/2103\/revisions"}],"predecessor-version":[{"id":2104,"href":"https:\/\/fw-hohenthann.de\/index.php?rest_route=\/wp\/v2\/posts\/2103\/revisions\/2104"}],"wp:attachment":[{"href":"https:\/\/fw-hohenthann.de\/index.php?rest_route=%2Fwp%2Fv2%2Fmedia&parent=2103"}],"wp:term":[{"taxonomy":"category","embeddable":true,"href":"https:\/\/fw-hohenthann.de\/index.php?rest_route=%2Fwp%2Fv2%2Fcategories&post=2103"},{"taxonomy":"post_tag","embeddable":true,"href":"https:\/\/fw-hohenthann.de\/index.php?rest_route=%2Fwp%2Fv2%2Ftags&post=2103"}],"curies":[{"name":"wp","href":"https:\/\/api.w.org\/{rel}","templated":true}]}}