{"id":2118,"date":"2024-03-04T21:37:21","date_gmt":"2024-03-04T21:37:21","guid":{"rendered":"https:\/\/fw-hohenthann.de\/?p=2118"},"modified":"2024-03-04T21:37:23","modified_gmt":"2024-03-04T21:37:23","slug":"freitag-22-03-2024-kommunale-waermeplanung","status":"publish","type":"post","link":"https:\/\/fw-hohenthann.de\/?p=2118","title":{"rendered":"Freitag 22.03.2024 Kommunale W\u00e4rmeplanung"},"content":{"rendered":"\n<p><strong>Termin: Freitag, 22. M\u00e4rz 2024, 19.00 Uhr<\/strong><br>Hohenthann, Brauereigasthof, Rottenburger Str. 22, 84098 Hohenthann<br>Die Teilnahme ist kostenfrei.<br>Thema: Kommunale W\u00e4rmeplanung \u2013 neue Pflichten, aber auch Chancen f\u00fcr unsere St\u00e4dte und Gemeinden<\/p>\n\n\n\n<p><strong>Anmeldung <\/strong>erbeten unter <a href=\"mailto:astner@bkbbayern.de\" target=\"_blank\" rel=\"noreferrer noopener\">astner@bkb-bayern.de<\/a> .<\/p>\n\n\n\n<p class=\"has-yellow-background-color has-background\">Bildungswerk f\u00fcr Kommunalpolitik Bayern e.V. der Freien W\u00e4hler.<br>Gef\u00f6rdert durch das Bay. Staatsministerium f\u00fcr Unterricht und Kultus.<\/p>\n\n\n\n<p>Die Energiewende \u2013 und besonders die W\u00e4rmewende \u2013 stellt nicht nur die privaten und gewerblichen Eigent\u00fcmer von Geb\u00e4uden vor gro\u00dfe Herausforderungen. Auch die St\u00e4dte und Gemeinden mit eigenen Liegenschaften, der Vorreiterrolle im Klimaschutz und der gesellschaftlichen Verantwortung f\u00fcr die nachhaltige Planung der st\u00e4dtebaulichen Entwicklung, haben Chancen und Pflichten auf dem Weg zum klimaneutralen Geb\u00e4udebestand. W\u00e4rmenetze sind h\u00e4ufig der Kern einer W\u00e4rmeplanung, aber auch dezentrale Versorgungsl\u00f6sungen k\u00f6nnen das Ergebnis einer strukturierten Analyse sein. Wichtig ist die Erarbeitung eines auch unter sozialen und wirtschaftlichen Aspekten nachhaltigen Zielbildes. Zentrale Elemente der W\u00e4rmeplanung sind die Bestands- und Potenzialanalyse, die Entwicklung von Szenarien f\u00fcr die kommenden Jahrzehnte und daraus die Ableitung von Ma\u00dfnahmen und Handlungsstrategien.<\/p>\n\n\n\n<p>Im Seminar werden die Grundlagen und die Vorgehensweise einer kommunalen W\u00e4rmeplanung erkl\u00e4rt und auf gesetzliche Verpflichtungen sowie m\u00f6gliche F\u00f6rderprogramme hingewiesen.<\/p>\n","protected":false},"excerpt":{"rendered":"<p>Termin: Freitag, 22. M\u00e4rz 2024, 19.00 UhrHohenthann, Brauereigasthof, Rottenburger Str. 22, 84098 HohenthannDie Teilnahme ist kostenfrei.Thema: Kommunale W\u00e4rmeplanung \u2013 neue Pflichten, aber auch Chancen f\u00fcr unsere St\u00e4dte und Gemeinden Anmeldung erbeten unter astner@bkb-bayern.de . Bildungswerk f\u00fcr Kommunalpolitik Bayern e.V. der Freien W\u00e4hler.Gef\u00f6rdert durch das Bay. Staatsministerium f\u00fcr Unterricht und Kultus. Die Energiewende \u2013 und besonders &hellip; <\/p>\n<p class=\"link-more\"><a href=\"https:\/\/fw-hohenthann.de\/?p=2118\" class=\"more-link\"><span class=\"screen-reader-text\">\u201eFreitag 22.03.2024 Kommunale W\u00e4rmeplanung\u201c <\/span>weiterlesen<\/a><\/p>\n","protected":false},"author":1,"featured_media":0,"comment_status":"open","ping_status":"open","sticky":false,"template":"","format":"standard","meta":{"footnotes":""},"categories":[1],"tags":[68,69],"class_list":["post-2118","post","type-post","status-publish","format-standard","hentry","category-uncategorized","tag-68","tag-umwelt"],"_links":{"self":[{"href":"https:\/\/fw-hohenthann.de\/index.php?rest_route=\/wp\/v2\/posts\/2118","targetHints":{"allow":["GET"]}}],"collection":[{"href":"https:\/\/fw-hohenthann.de\/index.php?rest_route=\/wp\/v2\/posts"}],"about":[{"href":"https:\/\/fw-hohenthann.de\/index.php?rest_route=\/wp\/v2\/types\/post"}],"author":[{"embeddable":true,"href":"https:\/\/fw-hohenthann.de\/index.php?rest_route=\/wp\/v2\/users\/1"}],"replies":[{"embeddable":true,"href":"https:\/\/fw-hohenthann.de\/index.php?rest_route=%2Fwp%2Fv2%2Fcomments&post=2118"}],"version-history":[{"count":1,"href":"https:\/\/fw-hohenthann.de\/index.php?rest_route=\/wp\/v2\/posts\/2118\/revisions"}],"predecessor-version":[{"id":2119,"href":"https:\/\/fw-hohenthann.de\/index.php?rest_route=\/wp\/v2\/posts\/2118\/revisions\/2119"}],"wp:attachment":[{"href":"https:\/\/fw-hohenthann.de\/index.php?rest_route=%2Fwp%2Fv2%2Fmedia&parent=2118"}],"wp:term":[{"taxonomy":"category","embeddable":true,"href":"https:\/\/fw-hohenthann.de\/index.php?rest_route=%2Fwp%2Fv2%2Fcategories&post=2118"},{"taxonomy":"post_tag","embeddable":true,"href":"https:\/\/fw-hohenthann.de\/index.php?rest_route=%2Fwp%2Fv2%2Ftags&post=2118"}],"curies":[{"name":"wp","href":"https:\/\/api.w.org\/{rel}","templated":true}]}}