{"id":2165,"date":"2024-10-05T20:25:58","date_gmt":"2024-10-05T20:25:58","guid":{"rendered":"https:\/\/fw-hohenthann.de\/?p=2165"},"modified":"2024-10-05T20:25:59","modified_gmt":"2024-10-05T20:25:59","slug":"21-10-24-jahreshauptversammlung-des-kreisverbandes-der-freien-waehler","status":"publish","type":"post","link":"https:\/\/fw-hohenthann.de\/?p=2165","title":{"rendered":"21.10.24 Jahreshauptversammlung des Kreisverbandes der Freien W\u00e4hler"},"content":{"rendered":"\n<p class=\"has-yellow-background-color has-background\">Montag, 21.10.2024 um 19:00 Uhr &#8211; Gasthaus Luginger<br>Mirskofen, Obere Sendlbachstra\u00dfe 11 84051 Essenbach<\/p>\n\n\n\n<p>1) Begr\u00fc\u00dfung<br>2) Feststellung der fristgerechten Ladung und der Beschlussf\u00e4higkeit<br>3) Genehmigung des Protokolls der letzten Jahreshauptversammlung<br>4) Jahresbericht von 1. Vorsitzenden Rudi Zieglmayer<br>5) Kassenbericht<br>6) Bericht der Kassenpr\u00fcfer<br>7) Entlastung der Vorstandschaft<br>8) Einheitlicher Beitrag der Ortsverb\u00e4nde an den Kreisverband<br>(Vorschlag der Vorstandschaft 25,00\u20ac je Ortsverband im<br>Kalenderjahr)<br>9) Bildung eines Wahlausschss<br>10) Neuwahl der Vorstandschaft<br>11) Neuwahl der Delegierten<br>12) Sonstiges, W\u00fcnsche und Antr\u00e4ge<br>Im Anschluss findet die Jahreshauptversammlung der Kreisvereinigung statt.<\/p>\n","protected":false},"excerpt":{"rendered":"<p>Montag, 21.10.2024 um 19:00 Uhr &#8211; Gasthaus LugingerMirskofen, Obere Sendlbachstra\u00dfe 11 84051 Essenbach 1) Begr\u00fc\u00dfung2) Feststellung der fristgerechten Ladung und der Beschlussf\u00e4higkeit3) Genehmigung des Protokolls der letzten Jahreshauptversammlung4) Jahresbericht von 1. Vorsitzenden Rudi Zieglmayer5) Kassenbericht6) Bericht der Kassenpr\u00fcfer7) Entlastung der Vorstandschaft8) Einheitlicher Beitrag der Ortsverb\u00e4nde an den Kreisverband(Vorschlag der Vorstandschaft 25,00\u20ac je Ortsverband imKalenderjahr)9) Bildung &hellip; <\/p>\n<p class=\"link-more\"><a href=\"https:\/\/fw-hohenthann.de\/?p=2165\" class=\"more-link\"><span class=\"screen-reader-text\">\u201e21.10.24 Jahreshauptversammlung des Kreisverbandes der Freien W\u00e4hler\u201c <\/span>weiterlesen<\/a><\/p>\n","protected":false},"author":1,"featured_media":0,"comment_status":"open","ping_status":"open","sticky":false,"template":"","format":"standard","meta":{"footnotes":""},"categories":[1],"tags":[68,33],"class_list":["post-2165","post","type-post","status-publish","format-standard","hentry","category-uncategorized","tag-68","tag-jahreshauptversammlung"],"_links":{"self":[{"href":"https:\/\/fw-hohenthann.de\/index.php?rest_route=\/wp\/v2\/posts\/2165","targetHints":{"allow":["GET"]}}],"collection":[{"href":"https:\/\/fw-hohenthann.de\/index.php?rest_route=\/wp\/v2\/posts"}],"about":[{"href":"https:\/\/fw-hohenthann.de\/index.php?rest_route=\/wp\/v2\/types\/post"}],"author":[{"embeddable":true,"href":"https:\/\/fw-hohenthann.de\/index.php?rest_route=\/wp\/v2\/users\/1"}],"replies":[{"embeddable":true,"href":"https:\/\/fw-hohenthann.de\/index.php?rest_route=%2Fwp%2Fv2%2Fcomments&post=2165"}],"version-history":[{"count":1,"href":"https:\/\/fw-hohenthann.de\/index.php?rest_route=\/wp\/v2\/posts\/2165\/revisions"}],"predecessor-version":[{"id":2166,"href":"https:\/\/fw-hohenthann.de\/index.php?rest_route=\/wp\/v2\/posts\/2165\/revisions\/2166"}],"wp:attachment":[{"href":"https:\/\/fw-hohenthann.de\/index.php?rest_route=%2Fwp%2Fv2%2Fmedia&parent=2165"}],"wp:term":[{"taxonomy":"category","embeddable":true,"href":"https:\/\/fw-hohenthann.de\/index.php?rest_route=%2Fwp%2Fv2%2Fcategories&post=2165"},{"taxonomy":"post_tag","embeddable":true,"href":"https:\/\/fw-hohenthann.de\/index.php?rest_route=%2Fwp%2Fv2%2Ftags&post=2165"}],"curies":[{"name":"wp","href":"https:\/\/api.w.org\/{rel}","templated":true}]}}