{"id":2213,"date":"2024-12-30T21:22:09","date_gmt":"2024-12-30T21:22:09","guid":{"rendered":"https:\/\/fw-hohenthann.de\/?p=2213"},"modified":"2025-01-14T22:28:16","modified_gmt":"2025-01-14T22:28:16","slug":"6-januar-2025-dreikoenigstreffen-der-freien-waehler","status":"publish","type":"post","link":"https:\/\/fw-hohenthann.de\/?p=2213","title":{"rendered":"6. Januar 2025 Dreik\u00f6nigstreffen der Freien W\u00e4hler"},"content":{"rendered":"\n<p class=\"has-yellow-background-color has-background\">6. Januar 2025, 10 Uhr, Abensberg im Kuchlbauer Weissbierstadl<br>M\u00fcnchener Str. 23, 93326 Abensberg<\/p>\n\n\n\n<ol start=\"6\" class=\"wp-block-list\">\n<li><\/li>\n<\/ol>\n\n\n\n<p class=\"has-light-blue-background-color has-background has-medium-font-size\">Hubert Aiwanger und das Spitzenteam f\u00fcr die Bundestagswahl 2025 live erleben.<\/p>\n\n\n\n<ul class=\"wp-block-list\">\n<li>Es sprechen:<\/li>\n\n\n\n<li>Ludwig Waas, Bezirksvorsitzender Niederbayern<\/li>\n\n\n\n<li>Peter Dreier, Direktkandidat Bundestagswahl<\/li>\n\n\n\n<li>Indra Baier-M\u00fcller, Direktkandidatin Bundestagswahl<\/li>\n\n\n\n<li>Michael W\u00f6rle, Direktkandidat Bundestagswahl<\/li>\n\n\n\n<li>Hubert Aiwanger, Landes- und Bundesvorsitzender, Direktkandidat Bundestagswahl<\/li>\n<\/ul>\n\n\n\n<p class=\"has-light-gray-background-color has-background\"><strong>Anmeldung bitte \u00fcber folgenden Link \u2013 auch f\u00fcr weitere G\u00e4ste!<\/strong><em>:&nbsp;<\/em><a href=\"https:\/\/forms.office.com\/e\/ksWd7BuCYh\" target=\"_blank\" rel=\"noreferrer noopener\">https:\/\/forms.office.com\/e\/ksWd7BuCYh<\/a><\/p>\n\n\n\n<p><\/p>\n","protected":false},"excerpt":{"rendered":"<p>6. Januar 2025, 10 Uhr, Abensberg im Kuchlbauer WeissbierstadlM\u00fcnchener Str. 23, 93326 Abensberg Hubert Aiwanger und das Spitzenteam f\u00fcr die Bundestagswahl 2025 live erleben. Anmeldung bitte \u00fcber folgenden Link \u2013 auch f\u00fcr weitere G\u00e4ste!:&nbsp;https:\/\/forms.office.com\/e\/ksWd7BuCYh<\/p>\n","protected":false},"author":1,"featured_media":0,"comment_status":"open","ping_status":"open","sticky":false,"template":"","format":"standard","meta":{"footnotes":""},"categories":[1],"tags":[71,43,74,8],"class_list":["post-2213","post","type-post","status-publish","format-standard","hentry","category-uncategorized","tag-71","tag-aiwanger","tag-bundestag-2025","tag-peter-dreier"],"_links":{"self":[{"href":"https:\/\/fw-hohenthann.de\/index.php?rest_route=\/wp\/v2\/posts\/2213","targetHints":{"allow":["GET"]}}],"collection":[{"href":"https:\/\/fw-hohenthann.de\/index.php?rest_route=\/wp\/v2\/posts"}],"about":[{"href":"https:\/\/fw-hohenthann.de\/index.php?rest_route=\/wp\/v2\/types\/post"}],"author":[{"embeddable":true,"href":"https:\/\/fw-hohenthann.de\/index.php?rest_route=\/wp\/v2\/users\/1"}],"replies":[{"embeddable":true,"href":"https:\/\/fw-hohenthann.de\/index.php?rest_route=%2Fwp%2Fv2%2Fcomments&post=2213"}],"version-history":[{"count":6,"href":"https:\/\/fw-hohenthann.de\/index.php?rest_route=\/wp\/v2\/posts\/2213\/revisions"}],"predecessor-version":[{"id":2245,"href":"https:\/\/fw-hohenthann.de\/index.php?rest_route=\/wp\/v2\/posts\/2213\/revisions\/2245"}],"wp:attachment":[{"href":"https:\/\/fw-hohenthann.de\/index.php?rest_route=%2Fwp%2Fv2%2Fmedia&parent=2213"}],"wp:term":[{"taxonomy":"category","embeddable":true,"href":"https:\/\/fw-hohenthann.de\/index.php?rest_route=%2Fwp%2Fv2%2Fcategories&post=2213"},{"taxonomy":"post_tag","embeddable":true,"href":"https:\/\/fw-hohenthann.de\/index.php?rest_route=%2Fwp%2Fv2%2Ftags&post=2213"}],"curies":[{"name":"wp","href":"https:\/\/api.w.org\/{rel}","templated":true}]}}