{"id":483,"date":"2018-10-22T19:02:17","date_gmt":"2018-10-22T19:02:17","guid":{"rendered":"http:\/\/fw-hohenthann.de\/?p=483"},"modified":"2018-10-22T20:06:32","modified_gmt":"2018-10-22T20:06:32","slug":"kommunalwahl-2018-dank-des-landesvorsitzenden-hubert-aiwanger","status":"publish","type":"post","link":"https:\/\/fw-hohenthann.de\/?p=483","title":{"rendered":"Kommunalwahl 2018: Dank des Landesvorsitzenden Hubert Aiwanger"},"content":{"rendered":"<p>Liebe Kandidatinnen und Kandidaten, liebe Wahlk\u00e4mpferinnen und Wahlk\u00e4mpfer, liebe Freie W\u00e4hlerinnen und Freie W\u00e4hler,<\/p>\n<p>wir konnten am vergangenen Sonntag einen gro\u00dfen Wahlerfolg einfahren! Dieser Erfolg wird uns erm\u00f6glichen, bald in noch viel st\u00e4rkerem Ma\u00dfe als bisher unsere pragmatische und b\u00fcrgernahe Politik f\u00fcr Bayern umzusetzen.<\/p>\n<p>Unser Wahlsieg w\u00e4re ohne den enormen Einsatz und das geschlossene Auftreten aller FREIEN W\u00c4HLER nicht m\u00f6glich gewesen! Deshalb bedanke ich mich herzlich bei allen Kandidatinnen und Kandidaten f\u00fcr die zahllosen Stunden, in denen sie w\u00e4hrend des Wahlkampfs auf Veranstaltungen, an Infost\u00e4nden und im Gespr\u00e4ch mit unseren B\u00fcrgerinnen und B\u00fcrgern das Bild der FREIEN W\u00c4HLER als Bayerns starke Mitte gepr\u00e4gt haben. Ich bedanke mich herzlich bei den vielen Unterst\u00fctzern, die ihre Freizeit geopfert haben, um Plakate aufzuh\u00e4ngen, Flyer zu verteilen oder an Infost\u00e4nden mitzuhelfen. Und schlie\u00dflich bedanke ich mich bei den tausenden von Freien W\u00e4hlerinnen und Freien W\u00e4hlern, die jahrein jahraus, aber auch speziell in den Wochen des Wahlkampfs in vielen pers\u00f6nlichen Gespr\u00e4chen mit W\u00e4hlern f\u00fcr uns geworben haben.<\/p>\n<p>Ich bin unheimlich stolz und gl\u00fccklich, Vorsitzender einer so starken und geschlossen auftretenden Gemeinschaft sein zu d\u00fcrfen! Damit sind wir Vorbild und Modell f\u00fcr den Politikbetrieb in Bayern und ganz Deutschland!<\/p>\n<p>Bitte unterst\u00fctzen Sie uns weiter, damit wir auch in Zukunft b\u00fcrgernahe Politik f\u00fcr unsere Heimat Bayern machen k\u00f6nnen! Derzeit sind wir in Koalitionsgespr\u00e4chen, um m\u00f6glichst viele unserer Anliegen umzusetzen.<\/p>\n<p>Mit herzlichen Gr\u00fc\u00dfen<\/p>\n<p>Ihr<\/p>\n<p>Hubert Aiwanger<\/p>\n<p><img loading=\"lazy\" decoding=\"async\" class=\"alignnone size-full wp-image-490\" src=\"https:\/\/fw-hohenthann.de\/wp-content\/uploads\/2018\/10\/181022_Aiwanger.jpg\" alt=\"\" width=\"400\" height=\"400\" srcset=\"https:\/\/fw-hohenthann.de\/wp-content\/uploads\/2018\/10\/181022_Aiwanger.jpg 400w, https:\/\/fw-hohenthann.de\/wp-content\/uploads\/2018\/10\/181022_Aiwanger-150x150.jpg 150w, https:\/\/fw-hohenthann.de\/wp-content\/uploads\/2018\/10\/181022_Aiwanger-300x300.jpg 300w\" sizes=\"auto, (max-width: 400px) 100vw, 400px\" \/><\/p>\n<p><img loading=\"lazy\" decoding=\"async\" class=\"alignnone size-full wp-image-486\" src=\"https:\/\/fw-hohenthann.de\/wp-content\/uploads\/2018\/10\/181410_Ergebnis_Landtagswahl.jpg\" alt=\"\" width=\"1102\" height=\"767\" srcset=\"https:\/\/fw-hohenthann.de\/wp-content\/uploads\/2018\/10\/181410_Ergebnis_Landtagswahl.jpg 1102w, https:\/\/fw-hohenthann.de\/wp-content\/uploads\/2018\/10\/181410_Ergebnis_Landtagswahl-300x209.jpg 300w, https:\/\/fw-hohenthann.de\/wp-content\/uploads\/2018\/10\/181410_Ergebnis_Landtagswahl-768x535.jpg 768w, https:\/\/fw-hohenthann.de\/wp-content\/uploads\/2018\/10\/181410_Ergebnis_Landtagswahl-1024x713.jpg 1024w\" sizes=\"auto, (max-width: 767px) 89vw, (max-width: 1000px) 54vw, (max-width: 1071px) 543px, 580px\" \/><\/p>\n","protected":false},"excerpt":{"rendered":"<p>Liebe Kandidatinnen und Kandidaten, liebe Wahlk\u00e4mpferinnen und Wahlk\u00e4mpfer, liebe Freie W\u00e4hlerinnen und Freie W\u00e4hler, wir konnten am vergangenen Sonntag einen gro\u00dfen Wahlerfolg einfahren! Dieser Erfolg wird uns erm\u00f6glichen, bald in noch viel st\u00e4rkerem Ma\u00dfe als bisher unsere pragmatische und b\u00fcrgernahe Politik f\u00fcr Bayern umzusetzen. Unser Wahlsieg w\u00e4re ohne den enormen Einsatz und das geschlossene Auftreten &hellip; <\/p>\n<p class=\"link-more\"><a href=\"https:\/\/fw-hohenthann.de\/?p=483\" class=\"more-link\"><span class=\"screen-reader-text\">\u201eKommunalwahl 2018: Dank des Landesvorsitzenden Hubert Aiwanger\u201c <\/span>weiterlesen<\/a><\/p>\n","protected":false},"author":1,"featured_media":0,"comment_status":"open","ping_status":"open","sticky":false,"template":"","format":"standard","meta":{"footnotes":""},"categories":[1],"tags":[43,41],"class_list":["post-483","post","type-post","status-publish","format-standard","hentry","category-uncategorized","tag-aiwanger","tag-landtagswahl-2018"],"_links":{"self":[{"href":"https:\/\/fw-hohenthann.de\/index.php?rest_route=\/wp\/v2\/posts\/483","targetHints":{"allow":["GET"]}}],"collection":[{"href":"https:\/\/fw-hohenthann.de\/index.php?rest_route=\/wp\/v2\/posts"}],"about":[{"href":"https:\/\/fw-hohenthann.de\/index.php?rest_route=\/wp\/v2\/types\/post"}],"author":[{"embeddable":true,"href":"https:\/\/fw-hohenthann.de\/index.php?rest_route=\/wp\/v2\/users\/1"}],"replies":[{"embeddable":true,"href":"https:\/\/fw-hohenthann.de\/index.php?rest_route=%2Fwp%2Fv2%2Fcomments&post=483"}],"version-history":[{"count":3,"href":"https:\/\/fw-hohenthann.de\/index.php?rest_route=\/wp\/v2\/posts\/483\/revisions"}],"predecessor-version":[{"id":491,"href":"https:\/\/fw-hohenthann.de\/index.php?rest_route=\/wp\/v2\/posts\/483\/revisions\/491"}],"wp:attachment":[{"href":"https:\/\/fw-hohenthann.de\/index.php?rest_route=%2Fwp%2Fv2%2Fmedia&parent=483"}],"wp:term":[{"taxonomy":"category","embeddable":true,"href":"https:\/\/fw-hohenthann.de\/index.php?rest_route=%2Fwp%2Fv2%2Fcategories&post=483"},{"taxonomy":"post_tag","embeddable":true,"href":"https:\/\/fw-hohenthann.de\/index.php?rest_route=%2Fwp%2Fv2%2Ftags&post=483"}],"curies":[{"name":"wp","href":"https:\/\/api.w.org\/{rel}","templated":true}]}}