{"id":689,"date":"2019-07-25T21:07:36","date_gmt":"2019-07-25T21:07:36","guid":{"rendered":"http:\/\/fw-hohenthann.de\/?p=689"},"modified":"2019-09-13T21:54:09","modified_gmt":"2019-09-13T21:54:09","slug":"rudi-zieglmayer-ist-buergermeisterkandidat-der-freien-waehler-hohenthann","status":"publish","type":"post","link":"https:\/\/fw-hohenthann.de\/?p=689","title":{"rendered":"Rudi Zieglmayer ist B\u00fcrgermeisterkandidat der Freien W\u00e4hler Hohenthann"},"content":{"rendered":"\n<p><strong>Mit klarer\nLinie in die Zukunft<\/strong><\/p>\n\n\n\n<p><strong>Rudi\nZieglmayer ist B\u00fcrgermeisterkandidat der Freien W\u00e4hler Hohenthann<\/strong><\/p>\n\n\n\n<p>Hohenthann 22.07.2019. Mit einem \u00fcberragenden Ergebnis wurde Hohenthanns zweiter B\u00fcrgermeister Rudi Zieglmayer zum B\u00fcrgermeisterkandidaten der Freien W\u00e4hler nominiert. Die zahlreich erschienenen Mitglieder des Ortsverbandes sprachen dem Kandidaten einstimmig ihr Vertrauen aus.<\/p>\n\n\n\n<figure class=\"wp-block-image\"><img loading=\"lazy\" decoding=\"async\" width=\"680\" height=\"510\" src=\"https:\/\/fw-hohenthann.de\/wp-content\/uploads\/2019\/07\/bm-kandidat-20190722.jpg\" alt=\"\" class=\"wp-image-693\" srcset=\"https:\/\/fw-hohenthann.de\/wp-content\/uploads\/2019\/07\/bm-kandidat-20190722.jpg 680w, https:\/\/fw-hohenthann.de\/wp-content\/uploads\/2019\/07\/bm-kandidat-20190722-300x225.jpg 300w\" sizes=\"auto, (max-width: 680px) 100vw, 680px\" \/><figcaption>Unser B\u00fcrgermeisterkandidat Rudi Zieglmayer: 1. Reihe Mitte mit den Mitgliedern der Freien W\u00e4hler<\/figcaption><\/figure>\n","protected":false},"excerpt":{"rendered":"<p>Mit klarer Linie in die Zukunft Rudi Zieglmayer ist B\u00fcrgermeisterkandidat der Freien W\u00e4hler Hohenthann Hohenthann 22.07.2019. Mit einem \u00fcberragenden Ergebnis wurde Hohenthanns zweiter B\u00fcrgermeister Rudi Zieglmayer zum B\u00fcrgermeisterkandidaten der Freien W\u00e4hler nominiert. Die zahlreich erschienenen Mitglieder des Ortsverbandes sprachen dem Kandidaten einstimmig ihr Vertrauen aus.<\/p>\n","protected":false},"author":1,"featured_media":0,"comment_status":"open","ping_status":"open","sticky":false,"template":"","format":"standard","meta":{"footnotes":""},"categories":[1],"tags":[49],"class_list":["post-689","post","type-post","status-publish","format-standard","hentry","category-uncategorized","tag-kommunalwahl-2020"],"_links":{"self":[{"href":"https:\/\/fw-hohenthann.de\/index.php?rest_route=\/wp\/v2\/posts\/689","targetHints":{"allow":["GET"]}}],"collection":[{"href":"https:\/\/fw-hohenthann.de\/index.php?rest_route=\/wp\/v2\/posts"}],"about":[{"href":"https:\/\/fw-hohenthann.de\/index.php?rest_route=\/wp\/v2\/types\/post"}],"author":[{"embeddable":true,"href":"https:\/\/fw-hohenthann.de\/index.php?rest_route=\/wp\/v2\/users\/1"}],"replies":[{"embeddable":true,"href":"https:\/\/fw-hohenthann.de\/index.php?rest_route=%2Fwp%2Fv2%2Fcomments&post=689"}],"version-history":[{"count":2,"href":"https:\/\/fw-hohenthann.de\/index.php?rest_route=\/wp\/v2\/posts\/689\/revisions"}],"predecessor-version":[{"id":695,"href":"https:\/\/fw-hohenthann.de\/index.php?rest_route=\/wp\/v2\/posts\/689\/revisions\/695"}],"wp:attachment":[{"href":"https:\/\/fw-hohenthann.de\/index.php?rest_route=%2Fwp%2Fv2%2Fmedia&parent=689"}],"wp:term":[{"taxonomy":"category","embeddable":true,"href":"https:\/\/fw-hohenthann.de\/index.php?rest_route=%2Fwp%2Fv2%2Fcategories&post=689"},{"taxonomy":"post_tag","embeddable":true,"href":"https:\/\/fw-hohenthann.de\/index.php?rest_route=%2Fwp%2Fv2%2Ftags&post=689"}],"curies":[{"name":"wp","href":"https:\/\/api.w.org\/{rel}","templated":true}]}}